{"id":1288,"date":"2021-01-31T15:43:34","date_gmt":"2021-01-31T23:43:34","guid":{"rendered":"https:\/\/endoact.ca\/sylvie\/"},"modified":"2021-11-10T19:30:23","modified_gmt":"2021-11-11T03:30:23","slug":"sylvie","status":"publish","type":"post","link":"https:\/\/endoact.ca\/fr\/sylvie\/","title":{"rendered":"Sylvie"},"content":{"rendered":"<p><strong><span style=\"color: black;\">\u00c0 quoi ressemblent vos sympt\u00f4mes d&rsquo;endom\u00e9triose ? <\/span><\/strong><span style=\"color: black;\">Douleur et flux important lors des menstruations. Douleur p\u00e9riodique d&rsquo;intensit\u00e9 moins \u00e9lev\u00e9e durant le reste du mois et ce, depuis l&rsquo;adolescence.<\/span><\/p>\n<p><strong><span style=\"color: black;\">Comment a \u00e9t\u00e9 votre parcours vers un diagnostic d&rsquo;endom\u00e9triose ? <\/span><\/strong><span style=\"color: black;\">J&rsquo;ai re\u00e7u un diagnostic d&rsquo;un gyn\u00e9cologue lors que j&rsquo;ai \u00e9t\u00e9 op\u00e9r\u00e9 pour ne plus avoir d&rsquo;enfants. Il m&rsquo;a alors annonc\u00e9 en salle de r\u00e9veil que j&rsquo;avais de l&rsquo;endom\u00e9triose qui expliquait alors les douleurs que j&rsquo;avais depuis 20 ans d\u00e9j\u00e0 et m&rsquo;expliquait qu&rsquo;il avait gratter les modules mais que \u00e7a allait revenir avec les ann\u00e9es.<\/span><strong><span style=\"color: black;\"><br \/>\n<\/span><\/strong><\/p>\n<p><strong><span style=\"color: black;\">Quelle a \u00e9t\u00e9 votre exp\u00e9rience avec les traitements pour l&rsquo;endom\u00e9triose ? <\/span><\/strong><span style=\"color: black;\">On a essayer une hormone mais \u00e9chec car cela faisait monter mon taux de sucre. St\u00e9rilet mais qui augmentait ma douleur donc retirer. Refuser la grande op\u00e9ration car trop risquer vu que je fais de l\u2019embonpoint. Je refus\u00e9 injection mensuel car craint les effets secondaires d\u00fb a des intol\u00e9rances connu \u00e0 plusieurs m\u00e9dicaments. \u00c0 ce jour gyn\u00e9cologue propose de br\u00fbl\u00e9 mon endom\u00e8tre, mais en fait il la peine \u00e0 l&rsquo;aube de ma m\u00e9nopause? Je suis toujours suivi \u00e0 ce niveau \u00e0 48 ans.<\/span><strong><span style=\"color: black;\"><br \/>\n<\/span><\/strong><\/p>\n<p><strong><span style=\"color: black;\">Comment l&rsquo;endom\u00e9triose affecte votre vie quotidienne? <\/span><\/strong><span style=\"color: black;\">Douleur incomprise et banalis\u00e9 par certaine personne de mon entourage. Manque des journ\u00e9e de travail car douleur trop invalidante certain jour de menstruation. Reproche de ne pas faire des activit\u00e9s planifi\u00e9s lors que je suis souffrante.<\/span><strong><span style=\"color: black;\"><br \/>\n<\/span><\/strong><\/p>\n<p><strong><span style=\"color: black;\">Comment l&rsquo;endom\u00e9triose affecte votre bien-\u00eatre \u00e9motionnel? <\/span><\/strong><span style=\"color: black;\">Douleur me rend anxieuse, m&rsquo;invalide certain jour et me clou au lit. Jugement des autres qui croit que je procrastine les jours de cong\u00e9 maladie.<\/span><strong><span style=\"color: black;\"><br \/>\n<\/span><\/strong><\/p>\n<p><strong><span style=\"color: black;\">Comment l&rsquo;endom\u00e9triose a marqu\u00e9 des tournants dans votre vie jusqu&rsquo;\u00e0 pr\u00e9sent et dans l&rsquo;avenir ? <\/span><\/strong><span style=\"color: black;\">Douleur lors de relation sexuelle \u00e0 une certaine partie de ma vie. Difficult\u00e9 de sommeil important qui am\u00e8ne baisse d&rsquo;\u00e9nergie et diminution de ma productivit\u00e9 aux quotidiens.<\/span><strong><span style=\"color: black;\"><br \/>\n<\/span><\/strong><\/p>\n<p><strong><span style=\"color: black;\">Comment est-ce que vous avez trouv\u00e9 de l&rsquo;espoir ou du soutien au cours de votre parcours d&rsquo;endom\u00e9triose? <\/span><\/strong><span style=\"color: black;\">Lorsque le gyn\u00e9cologue a mis un diagnostic sur ma douleur. Qu&rsquo;elle soulagement de lire ensuite sur cette maladie et de voir que je ne suis pas seule. Consultation aupr\u00e8s de gyn\u00e9cologue ensuite lorsque douleur est revenu en force. Je me suis alors sentis comprise.<\/span><strong><span style=\"color: black;\"><br \/>\n<\/span><\/strong><\/p>\n<p><strong><span style=\"color: black;\">\u00c0 quoi devraient ressembler les soins de sant\u00e9 pour l&rsquo;endom\u00e9triose au Canada selon vous ? <\/span><\/strong><span style=\"color: black;\">Plus d&rsquo;ouverture \u00e0 op\u00e9r\u00e9 les femmes car depuis quelques ann\u00e9es j&rsquo;entends beaucoup qu&rsquo;ils ne sont plus ouvert \u00e0 la grande op\u00e9ration d\u00fb aux vieillissement pr\u00e9matur\u00e9 chez la femme alors que j\u00a0\u00bbaurais voulu cette op\u00e9ration \u00e0 l&rsquo;\u00e2ge de 30 ans. J&rsquo;en souffre encore \u00e0 48 ans.<\/span><strong><span style=\"color: black;\"><br \/>\n<\/span><\/strong><\/p>\n<p><strong><span style=\"color: black;\">D\u2019apr\u00e8s vous, que devrait-on savoir du v\u00e9cu des personnes atteintes d\u2019endom\u00e9triose au Canada ? <\/span><\/strong><span style=\"color: black;\">Que c&rsquo;est une maladie r\u00e9elle m\u00eame si non visible. Que ce soit mieux connu pour \u00eatre d\u00e9tect\u00e9 plut\u00f4t chez les femmes qui en souffre.<\/span><strong><span style=\"color: black;\"><br \/>\n<\/span><\/strong><\/p>\n","protected":false},"excerpt":{"rendered":"<p>J&rsquo;ai re\u00e7u un diagnostic d&rsquo;un g\u00e9n\u00e9cologue lors que j&rsquo;ai \u00e9t\u00e9 op\u00e9r\u00e9 pour ne plus avoir d&rsquo;enfants. Il m&rsquo;a alors annonc\u00e9 en salle de r\u00e9veil que j&rsquo;avais de l&rsquo;endom\u00e9triose qui expliquait alors les douleurs que j&rsquo;avais depuis 20 ans d\u00e9j\u00e0.<\/p>\n","protected":false},"author":2,"featured_media":0,"comment_status":"closed","ping_status":"closed","sticky":false,"template":"","format":"standard","meta":{"footnotes":""},"categories":[44],"tags":[48,40],"class_list":["post-1288","post","type-post","status-publish","format-standard","hentry","category-temoignages","tag-francais","tag-quebec-fr"],"yoast_head":"<!-- This site is optimized with the Yoast SEO plugin v27.5 - https:\/\/yoast.com\/product\/yoast-seo-wordpress\/ -->\n<title>Sylvie - EndoAct<\/title>\n<meta name=\"description\" content=\"J&#039;ai re\u00e7u un diagnostic d&#039;un g\u00e9n\u00e9cologue lors que j&#039;ai \u00e9t\u00e9 op\u00e9r\u00e9 pour ne plus avoir d&#039;enfants. Il m&#039;a alors annonc\u00e9 en salle de r\u00e9veil que j&#039;avais de l&#039;endom\u00e9triose qui expliquait alors les douleurs que j&#039;avais depuis 20 ans d\u00e9j\u00e0.\" \/>\n<meta name=\"robots\" content=\"index, follow, max-snippet:-1, max-image-preview:large, max-video-preview:-1\" \/>\n<link rel=\"canonical\" href=\"https:\/\/endoact.ca\/fr\/sylvie\/\" \/>\n<meta property=\"og:locale\" content=\"fr_FR\" \/>\n<meta property=\"og:type\" content=\"article\" \/>\n<meta property=\"og:title\" content=\"Sylvie - EndoAct\" \/>\n<meta property=\"og:description\" content=\"J&#039;ai re\u00e7u un diagnostic d&#039;un g\u00e9n\u00e9cologue lors que j&#039;ai \u00e9t\u00e9 op\u00e9r\u00e9 pour ne plus avoir d&#039;enfants. Il m&#039;a alors annonc\u00e9 en salle de r\u00e9veil que j&#039;avais de l&#039;endom\u00e9triose qui expliquait alors les douleurs que j&#039;avais depuis 20 ans d\u00e9j\u00e0.\" \/>\n<meta property=\"og:url\" content=\"https:\/\/endoact.ca\/fr\/sylvie\/\" \/>\n<meta property=\"og:site_name\" content=\"EndoAct\" \/>\n<meta property=\"article:published_time\" content=\"2021-01-31T23:43:34+00:00\" \/>\n<meta property=\"article:modified_time\" content=\"2021-11-11T03:30:23+00:00\" \/>\n<meta property=\"og:image\" content=\"https:\/\/endoact.ca\/wp-content\/uploads\/2021\/01\/20025-EndoAct-Instagram-Single_prf01.png\" \/>\n\t<meta property=\"og:image:width\" content=\"1260\" \/>\n\t<meta property=\"og:image:height\" content=\"1260\" \/>\n\t<meta property=\"og:image:type\" content=\"image\/png\" \/>\n<meta name=\"author\" content=\"Kate Wahl\" \/>\n<meta name=\"twitter:card\" content=\"summary_large_image\" \/>\n<meta name=\"twitter:label1\" content=\"\u00c9crit par\" \/>\n\t<meta name=\"twitter:data1\" content=\"Kate Wahl\" \/>\n\t<meta name=\"twitter:label2\" content=\"Dur\u00e9e de lecture estim\u00e9e\" \/>\n\t<meta name=\"twitter:data2\" content=\"2 minutes\" \/>\n<script type=\"application\/ld+json\" class=\"yoast-schema-graph\">{\"@context\":\"https:\\\/\\\/schema.org\",\"@graph\":[{\"@type\":\"Article\",\"@id\":\"https:\\\/\\\/endoact.ca\\\/fr\\\/sylvie\\\/#article\",\"isPartOf\":{\"@id\":\"https:\\\/\\\/endoact.ca\\\/fr\\\/sylvie\\\/\"},\"author\":{\"name\":\"Kate Wahl\",\"@id\":\"https:\\\/\\\/endoact.ca\\\/fr\\\/#\\\/schema\\\/person\\\/3ea1c852ff8f0a46decfb6b05068e5aa\"},\"headline\":\"Sylvie\",\"datePublished\":\"2021-01-31T23:43:34+00:00\",\"dateModified\":\"2021-11-11T03:30:23+00:00\",\"mainEntityOfPage\":{\"@id\":\"https:\\\/\\\/endoact.ca\\\/fr\\\/sylvie\\\/\"},\"wordCount\":523,\"keywords\":[\"Fran\u00e7ais\",\"Qu\u00e9bec\"],\"articleSection\":[\"T\u00e9moignages\"],\"inLanguage\":\"fr-FR\"},{\"@type\":\"WebPage\",\"@id\":\"https:\\\/\\\/endoact.ca\\\/fr\\\/sylvie\\\/\",\"url\":\"https:\\\/\\\/endoact.ca\\\/fr\\\/sylvie\\\/\",\"name\":\"Sylvie - EndoAct\",\"isPartOf\":{\"@id\":\"https:\\\/\\\/endoact.ca\\\/fr\\\/#website\"},\"datePublished\":\"2021-01-31T23:43:34+00:00\",\"dateModified\":\"2021-11-11T03:30:23+00:00\",\"author\":{\"@id\":\"https:\\\/\\\/endoact.ca\\\/fr\\\/#\\\/schema\\\/person\\\/3ea1c852ff8f0a46decfb6b05068e5aa\"},\"description\":\"J'ai re\u00e7u un diagnostic d'un g\u00e9n\u00e9cologue lors que j'ai \u00e9t\u00e9 op\u00e9r\u00e9 pour ne plus avoir d'enfants. Il m'a alors annonc\u00e9 en salle de r\u00e9veil que j'avais de l'endom\u00e9triose qui expliquait alors les douleurs que j'avais depuis 20 ans d\u00e9j\u00e0.\",\"breadcrumb\":{\"@id\":\"https:\\\/\\\/endoact.ca\\\/fr\\\/sylvie\\\/#breadcrumb\"},\"inLanguage\":\"fr-FR\",\"potentialAction\":[{\"@type\":\"ReadAction\",\"target\":[\"https:\\\/\\\/endoact.ca\\\/fr\\\/sylvie\\\/\"]}]},{\"@type\":\"BreadcrumbList\",\"@id\":\"https:\\\/\\\/endoact.ca\\\/fr\\\/sylvie\\\/#breadcrumb\",\"itemListElement\":[{\"@type\":\"ListItem\",\"position\":1,\"name\":\"Home\",\"item\":\"https:\\\/\\\/endoact.ca\\\/fr\\\/\"},{\"@type\":\"ListItem\",\"position\":2,\"name\":\"Sylvie\"}]},{\"@type\":\"WebSite\",\"@id\":\"https:\\\/\\\/endoact.ca\\\/fr\\\/#website\",\"url\":\"https:\\\/\\\/endoact.ca\\\/fr\\\/\",\"name\":\"EndoAct\",\"description\":\"\",\"potentialAction\":[{\"@type\":\"SearchAction\",\"target\":{\"@type\":\"EntryPoint\",\"urlTemplate\":\"https:\\\/\\\/endoact.ca\\\/fr\\\/?s={search_term_string}\"},\"query-input\":{\"@type\":\"PropertyValueSpecification\",\"valueRequired\":true,\"valueName\":\"search_term_string\"}}],\"inLanguage\":\"fr-FR\"},{\"@type\":\"Person\",\"@id\":\"https:\\\/\\\/endoact.ca\\\/fr\\\/#\\\/schema\\\/person\\\/3ea1c852ff8f0a46decfb6b05068e5aa\",\"name\":\"Kate Wahl\",\"image\":{\"@type\":\"ImageObject\",\"inLanguage\":\"fr-FR\",\"@id\":\"https:\\\/\\\/secure.gravatar.com\\\/avatar\\\/10e3201a5b6dad4814e6a7ae25b72984d6b7223abafe8ba3a8517a94fd7ebba0?s=96&d=mm&r=g\",\"url\":\"https:\\\/\\\/secure.gravatar.com\\\/avatar\\\/10e3201a5b6dad4814e6a7ae25b72984d6b7223abafe8ba3a8517a94fd7ebba0?s=96&d=mm&r=g\",\"contentUrl\":\"https:\\\/\\\/secure.gravatar.com\\\/avatar\\\/10e3201a5b6dad4814e6a7ae25b72984d6b7223abafe8ba3a8517a94fd7ebba0?s=96&d=mm&r=g\",\"caption\":\"Kate Wahl\"}}]}<\/script>\n<!-- \/ Yoast SEO plugin. -->","yoast_head_json":{"title":"Sylvie - EndoAct","description":"J'ai re\u00e7u un diagnostic d'un g\u00e9n\u00e9cologue lors que j'ai \u00e9t\u00e9 op\u00e9r\u00e9 pour ne plus avoir d'enfants. Il m'a alors annonc\u00e9 en salle de r\u00e9veil que j'avais de l'endom\u00e9triose qui expliquait alors les douleurs que j'avais depuis 20 ans d\u00e9j\u00e0.","robots":{"index":"index","follow":"follow","max-snippet":"max-snippet:-1","max-image-preview":"max-image-preview:large","max-video-preview":"max-video-preview:-1"},"canonical":"https:\/\/endoact.ca\/fr\/sylvie\/","og_locale":"fr_FR","og_type":"article","og_title":"Sylvie - EndoAct","og_description":"J'ai re\u00e7u un diagnostic d'un g\u00e9n\u00e9cologue lors que j'ai \u00e9t\u00e9 op\u00e9r\u00e9 pour ne plus avoir d'enfants. Il m'a alors annonc\u00e9 en salle de r\u00e9veil que j'avais de l'endom\u00e9triose qui expliquait alors les douleurs que j'avais depuis 20 ans d\u00e9j\u00e0.","og_url":"https:\/\/endoact.ca\/fr\/sylvie\/","og_site_name":"EndoAct","article_published_time":"2021-01-31T23:43:34+00:00","article_modified_time":"2021-11-11T03:30:23+00:00","og_image":[{"width":1260,"height":1260,"url":"https:\/\/endoact.ca\/wp-content\/uploads\/2021\/01\/20025-EndoAct-Instagram-Single_prf01.png","type":"image\/png"}],"author":"Kate Wahl","twitter_card":"summary_large_image","twitter_misc":{"\u00c9crit par":"Kate Wahl","Dur\u00e9e de lecture estim\u00e9e":"2 minutes"},"schema":{"@context":"https:\/\/schema.org","@graph":[{"@type":"Article","@id":"https:\/\/endoact.ca\/fr\/sylvie\/#article","isPartOf":{"@id":"https:\/\/endoact.ca\/fr\/sylvie\/"},"author":{"name":"Kate Wahl","@id":"https:\/\/endoact.ca\/fr\/#\/schema\/person\/3ea1c852ff8f0a46decfb6b05068e5aa"},"headline":"Sylvie","datePublished":"2021-01-31T23:43:34+00:00","dateModified":"2021-11-11T03:30:23+00:00","mainEntityOfPage":{"@id":"https:\/\/endoact.ca\/fr\/sylvie\/"},"wordCount":523,"keywords":["Fran\u00e7ais","Qu\u00e9bec"],"articleSection":["T\u00e9moignages"],"inLanguage":"fr-FR"},{"@type":"WebPage","@id":"https:\/\/endoact.ca\/fr\/sylvie\/","url":"https:\/\/endoact.ca\/fr\/sylvie\/","name":"Sylvie - EndoAct","isPartOf":{"@id":"https:\/\/endoact.ca\/fr\/#website"},"datePublished":"2021-01-31T23:43:34+00:00","dateModified":"2021-11-11T03:30:23+00:00","author":{"@id":"https:\/\/endoact.ca\/fr\/#\/schema\/person\/3ea1c852ff8f0a46decfb6b05068e5aa"},"description":"J'ai re\u00e7u un diagnostic d'un g\u00e9n\u00e9cologue lors que j'ai \u00e9t\u00e9 op\u00e9r\u00e9 pour ne plus avoir d'enfants. Il m'a alors annonc\u00e9 en salle de r\u00e9veil que j'avais de l'endom\u00e9triose qui expliquait alors les douleurs que j'avais depuis 20 ans d\u00e9j\u00e0.","breadcrumb":{"@id":"https:\/\/endoact.ca\/fr\/sylvie\/#breadcrumb"},"inLanguage":"fr-FR","potentialAction":[{"@type":"ReadAction","target":["https:\/\/endoact.ca\/fr\/sylvie\/"]}]},{"@type":"BreadcrumbList","@id":"https:\/\/endoact.ca\/fr\/sylvie\/#breadcrumb","itemListElement":[{"@type":"ListItem","position":1,"name":"Home","item":"https:\/\/endoact.ca\/fr\/"},{"@type":"ListItem","position":2,"name":"Sylvie"}]},{"@type":"WebSite","@id":"https:\/\/endoact.ca\/fr\/#website","url":"https:\/\/endoact.ca\/fr\/","name":"EndoAct","description":"","potentialAction":[{"@type":"SearchAction","target":{"@type":"EntryPoint","urlTemplate":"https:\/\/endoact.ca\/fr\/?s={search_term_string}"},"query-input":{"@type":"PropertyValueSpecification","valueRequired":true,"valueName":"search_term_string"}}],"inLanguage":"fr-FR"},{"@type":"Person","@id":"https:\/\/endoact.ca\/fr\/#\/schema\/person\/3ea1c852ff8f0a46decfb6b05068e5aa","name":"Kate Wahl","image":{"@type":"ImageObject","inLanguage":"fr-FR","@id":"https:\/\/secure.gravatar.com\/avatar\/10e3201a5b6dad4814e6a7ae25b72984d6b7223abafe8ba3a8517a94fd7ebba0?s=96&d=mm&r=g","url":"https:\/\/secure.gravatar.com\/avatar\/10e3201a5b6dad4814e6a7ae25b72984d6b7223abafe8ba3a8517a94fd7ebba0?s=96&d=mm&r=g","contentUrl":"https:\/\/secure.gravatar.com\/avatar\/10e3201a5b6dad4814e6a7ae25b72984d6b7223abafe8ba3a8517a94fd7ebba0?s=96&d=mm&r=g","caption":"Kate Wahl"}}]}},"_links":{"self":[{"href":"https:\/\/endoact.ca\/fr\/wp-json\/wp\/v2\/posts\/1288","targetHints":{"allow":["GET"]}}],"collection":[{"href":"https:\/\/endoact.ca\/fr\/wp-json\/wp\/v2\/posts"}],"about":[{"href":"https:\/\/endoact.ca\/fr\/wp-json\/wp\/v2\/types\/post"}],"author":[{"embeddable":true,"href":"https:\/\/endoact.ca\/fr\/wp-json\/wp\/v2\/users\/2"}],"replies":[{"embeddable":true,"href":"https:\/\/endoact.ca\/fr\/wp-json\/wp\/v2\/comments?post=1288"}],"version-history":[{"count":2,"href":"https:\/\/endoact.ca\/fr\/wp-json\/wp\/v2\/posts\/1288\/revisions"}],"predecessor-version":[{"id":2192,"href":"https:\/\/endoact.ca\/fr\/wp-json\/wp\/v2\/posts\/1288\/revisions\/2192"}],"wp:attachment":[{"href":"https:\/\/endoact.ca\/fr\/wp-json\/wp\/v2\/media?parent=1288"}],"wp:term":[{"taxonomy":"category","embeddable":true,"href":"https:\/\/endoact.ca\/fr\/wp-json\/wp\/v2\/categories?post=1288"},{"taxonomy":"post_tag","embeddable":true,"href":"https:\/\/endoact.ca\/fr\/wp-json\/wp\/v2\/tags?post=1288"}],"curies":[{"name":"wp","href":"https:\/\/api.w.org\/{rel}","templated":true}]}}