{"id":1310,"date":"2021-02-07T11:15:21","date_gmt":"2021-02-07T19:15:21","guid":{"rendered":"https:\/\/endoact.ca\/justine\/"},"modified":"2021-11-10T19:21:57","modified_gmt":"2021-11-11T03:21:57","slug":"justine","status":"publish","type":"post","link":"https:\/\/endoact.ca\/fr\/justine\/","title":{"rendered":"Justine"},"content":{"rendered":"<p><strong><span style=\"color: black;\">\u00c0 quoi ressemblent vos sympt\u00f4mes d&rsquo;endom\u00e9triose ? <\/span><\/strong><span style=\"color: black;\">Un jour au cours d&rsquo;un entretien d&#8217;embauche qui avait le malheur de tomber pendant mes r\u00e8gles, la douleur au ventre \u00e9tait tellement forte que je me suis retrouv\u00e9e accroupie par terre avec l&rsquo;impossibilit\u00e9 de me relever. \u00c7a a \u00e9t\u00e9 l&rsquo;\u00e9l\u00e9ment d\u00e9clencheur qui m&rsquo;a fait prendre conscience que ce n&rsquo;\u00e9tait pas normal d&rsquo;avoir mal comme \u00e7a.<\/span><\/p>\n<p><strong><span style=\"color: black;\">Comment a \u00e9t\u00e9 votre parcours vers un diagnostic d&rsquo;endom\u00e9triose ? <\/span><\/strong><span style=\"color: black;\">Pendant des ann\u00e9es, je me suis plains \u00e0 mes m\u00e9decins et gyn\u00e9cologues d&rsquo;avoir des r\u00e8gles douloureuses. J&rsquo;avais toujours la m\u00eame r\u00e9ponse: c&rsquo;est normal d&rsquo;avoir mal pendant ses r\u00e8gles. <\/span><span style=\"color: black;\">Un jour quelqu&rsquo;un de mon entourage qui est venu passer quelques jours chez moi pendant mes r\u00e8gles et a vu dans quel \u00e9tat j&rsquo;\u00e9tais m&rsquo;a dit que ce n&rsquo;\u00e9tait pas normal et m&rsquo;a conseill\u00e9 un \u00ab\u00a0bon\u00a0\u00bb gyn\u00e9cologue. Je suis all\u00e9e voir cette personne, d\u00e9sesp\u00e9r\u00e9e que quelqu&rsquo;un puisse me dire ce que j&rsquo;avais. Ce m\u00e9decin m&rsquo;a auscult\u00e9 puis m&rsquo;a dit que \u00e7a devait probablement \u00eatre de l&rsquo;endom\u00e9triose et que c&rsquo;\u00e9tait compliqu\u00e9 \u00e0 diagnostiquer, qu&rsquo;il n&rsquo;y avait que la chirurgie comme moyen de gu\u00e9rir puis il m&rsquo;a donn\u00e9 une ordonnance de pilule contraceptive et m&rsquo;a dit prenez \u00e7a, \u00e7a vous soulagera. Avec le nom de la maladie, j&rsquo;ai fait des recherches sur internet, j&rsquo;ai trouv\u00e9 une association de patients et je leur ai demand\u00e9 le nom d&rsquo;un gyn\u00e9co sp\u00e9cialis\u00e9 dans cette maladie. Ils me l&rsquo;ont donn\u00e9, je l&rsquo;ai contact\u00e9 et en 5 min de rendezvous, il avait \u00e9tabli que j&rsquo;avais bien une endom\u00e9triose profonde avec un nodule recto vaginal. Plusieurs examens et une chirurgie m&rsquo;ont permis d&rsquo;am\u00e9liorer tr\u00e8s nettement la douleur. 5 ans plus tard, l&rsquo;endom\u00e9triose est revenue avec des nodules sur les ovaires. Je prends un traitement de Visanne avec \u00e9norm\u00e9ment d&rsquo;effets secondaires dans l&rsquo;objectif d&rsquo;\u00e9viter la chirurgie. Mais ce n&rsquo;est pas termin\u00e9&#8230;<\/span><\/p>\n<p><strong><span style=\"color: black;\">Quelle a \u00e9t\u00e9 votre exp\u00e9rience avec les traitements pour l&rsquo;endom\u00e9triose ? <\/span><\/strong><span style=\"color: black;\">Mon premier traitement a \u00e9t\u00e9 de la chirurgie pour faire diminuer la douleur. <\/span><span style=\"color: black;\">Mon traitement actuel est un traitement hormonal qui vient avec beaucoup d&rsquo;effets secondaires: insomnies, douleurs mammaires, d\u00e9pression, irritabilit\u00e9, constipation&#8230;<\/span><\/p>\n<p><strong><span style=\"color: black;\">Comment l&rsquo;endom\u00e9triose affecte votre vie quotidienne? <\/span><\/strong><span style=\"color: black;\">L&rsquo;endom\u00e9triose entraine beaucoup de fatigue qui n&rsquo;est pas toujours facile \u00e0 faire comprendre \u00e0 son entourage. Il y a aussi et surtout la douleur pendant les r\u00e8gles. Cette douleur m&#8217;emp\u00eache de dormir au moins un \u00e0 deux nuits par mois et il est difficile de travailler correctement avec elle. Pendant ces 2 jours par mois, je refuse toute vie sociale, je ne peux pas faire de sport pendant les 5 jours de r\u00e8gles et je passe le plus de temps possible dans mon lit.<\/span><\/p>\n<p><strong><span style=\"color: black;\">Comment l&rsquo;endom\u00e9triose affecte votre bien-\u00eatre \u00e9motionnel? <\/span><\/strong><span style=\"color: black;\">La douleur associ\u00e9e \u00e0 l&rsquo;endom\u00e9triose entraine de l&rsquo;irritabilit\u00e9, de la d\u00e9pression, de l&rsquo;insomnie, de l&rsquo;anxi\u00e9t\u00e9 qui affectent \u00e9norm\u00e9ment mon bien-\u00eatre \u00e9motionnel.<\/span><\/p>\n<p><strong><span style=\"color: black;\">Comment l&rsquo;endom\u00e9triose a marqu\u00e9 des tournants dans votre vie jusqu&rsquo;\u00e0 pr\u00e9sent et dans l&rsquo;avenir ? <\/span><\/strong><span style=\"color: black;\">Au moment ou j&rsquo;ai appris mon endom\u00e9triose j&rsquo;\u00e9tais maman d&rsquo;un petit gar\u00e7on. Je n&rsquo;\u00e9tais pas s\u00fbre de pouvoir avoir un deuxi\u00e8me enfant \u00e0 cause de la maladie. Finalement, j&rsquo;ai eu la chance de pouvoir avoir un deuxi\u00e8me enfant. Je me pose beaucoup de questions pour ma fille, est-ce h\u00e9r\u00e9ditaire, va-t-elle vivre le calvaire avec lequel je vis. <\/span><span style=\"color: black;\">Concernant le travail, je sais qu&rsquo;il me faut un travail avec de la souplesse car certains jours je ne peux juste pas travailler. Enfin, au contraire de la majorit\u00e9 des femmes, j&rsquo;attends la m\u00e9nopause avec impatience parce qu&rsquo;elle stoppera la douleur.<\/span><\/p>\n<p><strong><span style=\"color: black;\">Comment est-ce que vous avez trouv\u00e9 de l&rsquo;espoir ou du soutien au cours de votre parcours d&rsquo;endom\u00e9triose? <\/span><\/strong><span style=\"color: black;\">Les associations de patients m&rsquo;ont beaucoup aid\u00e9 dans le diagnostique et la recherche d&rsquo;un sp\u00e9cialiste. <\/span><span style=\"color: black;\">Le gyn\u00e9cologue sp\u00e9cialis\u00e9 a su trouv\u00e9 les mots et m&rsquo;accompagner dans le cheminement avec cette maladie.<\/span><\/p>\n<p><strong><span style=\"color: black;\">\u00c0 quoi devraient ressembler les soins de sant\u00e9 pour l&rsquo;endom\u00e9triose au Canada selon vous ? <\/span><\/strong><span style=\"color: black;\">Des maisons pluridisciplinaires sp\u00e9cialis\u00e9es dans l&rsquo;endom\u00e9triose. <\/span><span style=\"color: black;\">Un acc\u00e8s au statut de handicap pour les cas les plus lourds permettre au femmes de s&rsquo;absenter de leur travail pendant les r\u00e8gles.<\/span><\/p>\n<p><strong><span style=\"color: black;\">D\u2019apr\u00e8s vous, que devrait-on savoir du v\u00e9cu des personnes atteintes d\u2019endom\u00e9triose au Canada ? <\/span><\/strong><span style=\"color: black;\">J&rsquo;aimerais que les gens entendent notre douleur et la fatigue qui en d\u00e9coule. <\/span><span style=\"color: black;\">J&rsquo;aimerais pouvoir en parler librement mais les r\u00e8gles sont encore un sujet tabou. J&rsquo;aimerais \u00eatre consid\u00e9r\u00e9e comme malade pour me permettre de me reposer.<\/span><\/p>\n","protected":false},"excerpt":{"rendered":"<p>Je n&rsquo;\u00e9tais pas s\u00fbre de pouvoir avoir un deuxi\u00e8me enfant \u00e0 cause de la maladie. Finalement, j&rsquo;ai eu la chance de pouvoir avoir un deuxi\u00e8me enfant. Je me pose beaucoup de questions pour ma fille, est-ce h\u00e9r\u00e9ditaire, va-t-elle vivre le calvaire avec lequel je vis?<\/p>\n","protected":false},"author":2,"featured_media":0,"comment_status":"closed","ping_status":"closed","sticky":false,"template":"","format":"standard","meta":{"footnotes":""},"categories":[44],"tags":[48,40],"class_list":["post-1310","post","type-post","status-publish","format-standard","hentry","category-temoignages","tag-francais","tag-quebec-fr"],"yoast_head":"<!-- This site is optimized with the Yoast SEO plugin v27.4 - https:\/\/yoast.com\/product\/yoast-seo-wordpress\/ -->\n<title>Justine - EndoAct<\/title>\n<meta name=\"description\" content=\"Je n&#039;\u00e9tais pas s\u00fbre de pouvoir avoir un deuxi\u00e8me enfant \u00e0 cause de la maladie. Finalement, j&#039;ai eu la chance de pouvoir avoir un deuxi\u00e8me enfant. Je me pose beaucoup de questions pour ma fille, est-ce h\u00e9r\u00e9ditaire, va-t-elle vivre le calvaire avec lequel je vis?\" \/>\n<meta name=\"robots\" content=\"index, follow, max-snippet:-1, max-image-preview:large, max-video-preview:-1\" \/>\n<link rel=\"canonical\" href=\"https:\/\/endoact.ca\/fr\/justine\/\" \/>\n<meta property=\"og:locale\" content=\"fr_FR\" \/>\n<meta property=\"og:type\" content=\"article\" \/>\n<meta property=\"og:title\" content=\"Justine - EndoAct\" \/>\n<meta property=\"og:description\" content=\"Je n&#039;\u00e9tais pas s\u00fbre de pouvoir avoir un deuxi\u00e8me enfant \u00e0 cause de la maladie. Finalement, j&#039;ai eu la chance de pouvoir avoir un deuxi\u00e8me enfant. Je me pose beaucoup de questions pour ma fille, est-ce h\u00e9r\u00e9ditaire, va-t-elle vivre le calvaire avec lequel je vis?\" \/>\n<meta property=\"og:url\" content=\"https:\/\/endoact.ca\/fr\/justine\/\" \/>\n<meta property=\"og:site_name\" content=\"EndoAct\" \/>\n<meta property=\"article:published_time\" content=\"2021-02-07T19:15:21+00:00\" \/>\n<meta property=\"article:modified_time\" content=\"2021-11-11T03:21:57+00:00\" \/>\n<meta property=\"og:image\" content=\"https:\/\/endoact.ca\/wp-content\/uploads\/2021\/01\/20025-EndoAct-Instagram-Single_prf01.png\" \/>\n\t<meta property=\"og:image:width\" content=\"1260\" \/>\n\t<meta property=\"og:image:height\" content=\"1260\" \/>\n\t<meta property=\"og:image:type\" content=\"image\/png\" \/>\n<meta name=\"author\" content=\"Kate Wahl\" \/>\n<meta name=\"twitter:card\" content=\"summary_large_image\" \/>\n<meta name=\"twitter:label1\" content=\"\u00c9crit par\" \/>\n\t<meta name=\"twitter:data1\" content=\"Kate Wahl\" \/>\n\t<meta name=\"twitter:label2\" content=\"Dur\u00e9e de lecture estim\u00e9e\" \/>\n\t<meta name=\"twitter:data2\" content=\"4 minutes\" \/>\n<script type=\"application\/ld+json\" class=\"yoast-schema-graph\">{\"@context\":\"https:\\\/\\\/schema.org\",\"@graph\":[{\"@type\":\"Article\",\"@id\":\"https:\\\/\\\/endoact.ca\\\/fr\\\/justine\\\/#article\",\"isPartOf\":{\"@id\":\"https:\\\/\\\/endoact.ca\\\/fr\\\/justine\\\/\"},\"author\":{\"name\":\"Kate Wahl\",\"@id\":\"https:\\\/\\\/endoact.ca\\\/fr\\\/#\\\/schema\\\/person\\\/3ea1c852ff8f0a46decfb6b05068e5aa\"},\"headline\":\"Justine\",\"datePublished\":\"2021-02-07T19:15:21+00:00\",\"dateModified\":\"2021-11-11T03:21:57+00:00\",\"mainEntityOfPage\":{\"@id\":\"https:\\\/\\\/endoact.ca\\\/fr\\\/justine\\\/\"},\"wordCount\":848,\"keywords\":[\"Fran\u00e7ais\",\"Qu\u00e9bec\"],\"articleSection\":[\"T\u00e9moignages\"],\"inLanguage\":\"fr-FR\"},{\"@type\":\"WebPage\",\"@id\":\"https:\\\/\\\/endoact.ca\\\/fr\\\/justine\\\/\",\"url\":\"https:\\\/\\\/endoact.ca\\\/fr\\\/justine\\\/\",\"name\":\"Justine - EndoAct\",\"isPartOf\":{\"@id\":\"https:\\\/\\\/endoact.ca\\\/fr\\\/#website\"},\"datePublished\":\"2021-02-07T19:15:21+00:00\",\"dateModified\":\"2021-11-11T03:21:57+00:00\",\"author\":{\"@id\":\"https:\\\/\\\/endoact.ca\\\/fr\\\/#\\\/schema\\\/person\\\/3ea1c852ff8f0a46decfb6b05068e5aa\"},\"description\":\"Je n'\u00e9tais pas s\u00fbre de pouvoir avoir un deuxi\u00e8me enfant \u00e0 cause de la maladie. Finalement, j'ai eu la chance de pouvoir avoir un deuxi\u00e8me enfant. Je me pose beaucoup de questions pour ma fille, est-ce h\u00e9r\u00e9ditaire, va-t-elle vivre le calvaire avec lequel je vis?\",\"breadcrumb\":{\"@id\":\"https:\\\/\\\/endoact.ca\\\/fr\\\/justine\\\/#breadcrumb\"},\"inLanguage\":\"fr-FR\",\"potentialAction\":[{\"@type\":\"ReadAction\",\"target\":[\"https:\\\/\\\/endoact.ca\\\/fr\\\/justine\\\/\"]}]},{\"@type\":\"BreadcrumbList\",\"@id\":\"https:\\\/\\\/endoact.ca\\\/fr\\\/justine\\\/#breadcrumb\",\"itemListElement\":[{\"@type\":\"ListItem\",\"position\":1,\"name\":\"Home\",\"item\":\"https:\\\/\\\/endoact.ca\\\/fr\\\/\"},{\"@type\":\"ListItem\",\"position\":2,\"name\":\"Justine\"}]},{\"@type\":\"WebSite\",\"@id\":\"https:\\\/\\\/endoact.ca\\\/fr\\\/#website\",\"url\":\"https:\\\/\\\/endoact.ca\\\/fr\\\/\",\"name\":\"EndoAct\",\"description\":\"\",\"potentialAction\":[{\"@type\":\"SearchAction\",\"target\":{\"@type\":\"EntryPoint\",\"urlTemplate\":\"https:\\\/\\\/endoact.ca\\\/fr\\\/?s={search_term_string}\"},\"query-input\":{\"@type\":\"PropertyValueSpecification\",\"valueRequired\":true,\"valueName\":\"search_term_string\"}}],\"inLanguage\":\"fr-FR\"},{\"@type\":\"Person\",\"@id\":\"https:\\\/\\\/endoact.ca\\\/fr\\\/#\\\/schema\\\/person\\\/3ea1c852ff8f0a46decfb6b05068e5aa\",\"name\":\"Kate Wahl\",\"image\":{\"@type\":\"ImageObject\",\"inLanguage\":\"fr-FR\",\"@id\":\"https:\\\/\\\/secure.gravatar.com\\\/avatar\\\/10e3201a5b6dad4814e6a7ae25b72984d6b7223abafe8ba3a8517a94fd7ebba0?s=96&d=mm&r=g\",\"url\":\"https:\\\/\\\/secure.gravatar.com\\\/avatar\\\/10e3201a5b6dad4814e6a7ae25b72984d6b7223abafe8ba3a8517a94fd7ebba0?s=96&d=mm&r=g\",\"contentUrl\":\"https:\\\/\\\/secure.gravatar.com\\\/avatar\\\/10e3201a5b6dad4814e6a7ae25b72984d6b7223abafe8ba3a8517a94fd7ebba0?s=96&d=mm&r=g\",\"caption\":\"Kate Wahl\"}}]}<\/script>\n<!-- \/ Yoast SEO plugin. -->","yoast_head_json":{"title":"Justine - EndoAct","description":"Je n'\u00e9tais pas s\u00fbre de pouvoir avoir un deuxi\u00e8me enfant \u00e0 cause de la maladie. Finalement, j'ai eu la chance de pouvoir avoir un deuxi\u00e8me enfant. Je me pose beaucoup de questions pour ma fille, est-ce h\u00e9r\u00e9ditaire, va-t-elle vivre le calvaire avec lequel je vis?","robots":{"index":"index","follow":"follow","max-snippet":"max-snippet:-1","max-image-preview":"max-image-preview:large","max-video-preview":"max-video-preview:-1"},"canonical":"https:\/\/endoact.ca\/fr\/justine\/","og_locale":"fr_FR","og_type":"article","og_title":"Justine - EndoAct","og_description":"Je n'\u00e9tais pas s\u00fbre de pouvoir avoir un deuxi\u00e8me enfant \u00e0 cause de la maladie. Finalement, j'ai eu la chance de pouvoir avoir un deuxi\u00e8me enfant. Je me pose beaucoup de questions pour ma fille, est-ce h\u00e9r\u00e9ditaire, va-t-elle vivre le calvaire avec lequel je vis?","og_url":"https:\/\/endoact.ca\/fr\/justine\/","og_site_name":"EndoAct","article_published_time":"2021-02-07T19:15:21+00:00","article_modified_time":"2021-11-11T03:21:57+00:00","og_image":[{"width":1260,"height":1260,"url":"https:\/\/endoact.ca\/wp-content\/uploads\/2021\/01\/20025-EndoAct-Instagram-Single_prf01.png","type":"image\/png"}],"author":"Kate Wahl","twitter_card":"summary_large_image","twitter_misc":{"\u00c9crit par":"Kate Wahl","Dur\u00e9e de lecture estim\u00e9e":"4 minutes"},"schema":{"@context":"https:\/\/schema.org","@graph":[{"@type":"Article","@id":"https:\/\/endoact.ca\/fr\/justine\/#article","isPartOf":{"@id":"https:\/\/endoact.ca\/fr\/justine\/"},"author":{"name":"Kate Wahl","@id":"https:\/\/endoact.ca\/fr\/#\/schema\/person\/3ea1c852ff8f0a46decfb6b05068e5aa"},"headline":"Justine","datePublished":"2021-02-07T19:15:21+00:00","dateModified":"2021-11-11T03:21:57+00:00","mainEntityOfPage":{"@id":"https:\/\/endoact.ca\/fr\/justine\/"},"wordCount":848,"keywords":["Fran\u00e7ais","Qu\u00e9bec"],"articleSection":["T\u00e9moignages"],"inLanguage":"fr-FR"},{"@type":"WebPage","@id":"https:\/\/endoact.ca\/fr\/justine\/","url":"https:\/\/endoact.ca\/fr\/justine\/","name":"Justine - EndoAct","isPartOf":{"@id":"https:\/\/endoact.ca\/fr\/#website"},"datePublished":"2021-02-07T19:15:21+00:00","dateModified":"2021-11-11T03:21:57+00:00","author":{"@id":"https:\/\/endoact.ca\/fr\/#\/schema\/person\/3ea1c852ff8f0a46decfb6b05068e5aa"},"description":"Je n'\u00e9tais pas s\u00fbre de pouvoir avoir un deuxi\u00e8me enfant \u00e0 cause de la maladie. Finalement, j'ai eu la chance de pouvoir avoir un deuxi\u00e8me enfant. Je me pose beaucoup de questions pour ma fille, est-ce h\u00e9r\u00e9ditaire, va-t-elle vivre le calvaire avec lequel je vis?","breadcrumb":{"@id":"https:\/\/endoact.ca\/fr\/justine\/#breadcrumb"},"inLanguage":"fr-FR","potentialAction":[{"@type":"ReadAction","target":["https:\/\/endoact.ca\/fr\/justine\/"]}]},{"@type":"BreadcrumbList","@id":"https:\/\/endoact.ca\/fr\/justine\/#breadcrumb","itemListElement":[{"@type":"ListItem","position":1,"name":"Home","item":"https:\/\/endoact.ca\/fr\/"},{"@type":"ListItem","position":2,"name":"Justine"}]},{"@type":"WebSite","@id":"https:\/\/endoact.ca\/fr\/#website","url":"https:\/\/endoact.ca\/fr\/","name":"EndoAct","description":"","potentialAction":[{"@type":"SearchAction","target":{"@type":"EntryPoint","urlTemplate":"https:\/\/endoact.ca\/fr\/?s={search_term_string}"},"query-input":{"@type":"PropertyValueSpecification","valueRequired":true,"valueName":"search_term_string"}}],"inLanguage":"fr-FR"},{"@type":"Person","@id":"https:\/\/endoact.ca\/fr\/#\/schema\/person\/3ea1c852ff8f0a46decfb6b05068e5aa","name":"Kate Wahl","image":{"@type":"ImageObject","inLanguage":"fr-FR","@id":"https:\/\/secure.gravatar.com\/avatar\/10e3201a5b6dad4814e6a7ae25b72984d6b7223abafe8ba3a8517a94fd7ebba0?s=96&d=mm&r=g","url":"https:\/\/secure.gravatar.com\/avatar\/10e3201a5b6dad4814e6a7ae25b72984d6b7223abafe8ba3a8517a94fd7ebba0?s=96&d=mm&r=g","contentUrl":"https:\/\/secure.gravatar.com\/avatar\/10e3201a5b6dad4814e6a7ae25b72984d6b7223abafe8ba3a8517a94fd7ebba0?s=96&d=mm&r=g","caption":"Kate Wahl"}}]}},"_links":{"self":[{"href":"https:\/\/endoact.ca\/fr\/wp-json\/wp\/v2\/posts\/1310","targetHints":{"allow":["GET"]}}],"collection":[{"href":"https:\/\/endoact.ca\/fr\/wp-json\/wp\/v2\/posts"}],"about":[{"href":"https:\/\/endoact.ca\/fr\/wp-json\/wp\/v2\/types\/post"}],"author":[{"embeddable":true,"href":"https:\/\/endoact.ca\/fr\/wp-json\/wp\/v2\/users\/2"}],"replies":[{"embeddable":true,"href":"https:\/\/endoact.ca\/fr\/wp-json\/wp\/v2\/comments?post=1310"}],"version-history":[{"count":2,"href":"https:\/\/endoact.ca\/fr\/wp-json\/wp\/v2\/posts\/1310\/revisions"}],"predecessor-version":[{"id":2186,"href":"https:\/\/endoact.ca\/fr\/wp-json\/wp\/v2\/posts\/1310\/revisions\/2186"}],"wp:attachment":[{"href":"https:\/\/endoact.ca\/fr\/wp-json\/wp\/v2\/media?parent=1310"}],"wp:term":[{"taxonomy":"category","embeddable":true,"href":"https:\/\/endoact.ca\/fr\/wp-json\/wp\/v2\/categories?post=1310"},{"taxonomy":"post_tag","embeddable":true,"href":"https:\/\/endoact.ca\/fr\/wp-json\/wp\/v2\/tags?post=1310"}],"curies":[{"name":"wp","href":"https:\/\/api.w.org\/{rel}","templated":true}]}}