{"id":2431,"date":"2022-01-18T18:11:49","date_gmt":"2022-01-19T02:11:49","guid":{"rendered":"https:\/\/endoact.ca\/?p=2431"},"modified":"2022-01-18T18:20:33","modified_gmt":"2022-01-19T02:20:33","slug":"veronique-3","status":"publish","type":"post","link":"https:\/\/endoact.ca\/fr\/veronique-3\/","title":{"rendered":"V\u00e9ronique"},"content":{"rendered":"<p><b><img loading=\"lazy\" decoding=\"async\" class=\"size-medium wp-image-2430 alignleft\" src=\"https:\/\/endoact.ca\/wp-content\/uploads\/2022\/01\/EndoActCanada_Veronique-300x300.jpg\" alt=\"\" width=\"300\" height=\"300\" srcset=\"https:\/\/endoact.ca\/wp-content\/uploads\/2022\/01\/EndoActCanada_Veronique-300x300.jpg 300w, https:\/\/endoact.ca\/wp-content\/uploads\/2022\/01\/EndoActCanada_Veronique-1024x1024.jpg 1024w, https:\/\/endoact.ca\/wp-content\/uploads\/2022\/01\/EndoActCanada_Veronique-150x150.jpg 150w, https:\/\/endoact.ca\/wp-content\/uploads\/2022\/01\/EndoActCanada_Veronique-768x768.jpg 768w, https:\/\/endoact.ca\/wp-content\/uploads\/2022\/01\/EndoActCanada_Veronique-550x550.jpg 550w, https:\/\/endoact.ca\/wp-content\/uploads\/2022\/01\/EndoActCanada_Veronique-1000x1000.jpg 1000w, https:\/\/endoact.ca\/wp-content\/uploads\/2022\/01\/EndoActCanada_Veronique.jpg 1061w\" sizes=\"auto, (max-width: 300px) 100vw, 300px\" \/>\u00c0 quoi ressemblent vos sympt\u00f4mes d&rsquo;endom\u00e9triose ? <\/b>L&rsquo;endom\u00e9triose, c&rsquo;est comme une bo\u00eete \u00e0 surprises. Tu te r\u00e9veilles le matin et tu ne sais pas si tu vas souffrir, comment tu vas souffrir et pendant combien de temps. Tu souffres tellement que tu ne sais plus ce que ne pas souffrir veut dire. Des fois c&rsquo;est comme s\u2019il y avait du feu dans mon ventre, parfois ce sont des coups de couteau, parfois c&rsquo;est impossible de marcher, parfois c&rsquo;est le bas du dos qui crie, parfois je ne peux pas dig\u00e9rer. D&rsquo;ailleurs je ne bois pas d&rsquo;alcool, ni mange du gluten ou des produits laitiers car j&rsquo;ai trop mal apr\u00e8s. Mais ce qui est le plus dur, c&rsquo;est la fatigue qui nous envahit sans pr\u00e9avis. Des sympt\u00f4mes de l&rsquo;endom\u00e9triose, j&rsquo;en connais trop \ud83d\ude41<\/p>\n<p><b>Comment a \u00e9t\u00e9 votre parcours vers un diagnostic d&rsquo;endom\u00e9triose ? <\/b>J&rsquo;ai \u00e9t\u00e9 diagnostiqu\u00e9e il y a 10 ans par un gyn\u00e9cologue qui m&rsquo;a vue 5 min, a fait un toucher vaginal et m&rsquo;a prescrit une pilule. J&rsquo;ai eu la chance d&rsquo;avoir un diagnostic rapidement, car la maladie est arriv\u00e9 d&rsquo;un seul coup dans ma vie. J&rsquo;ai os\u00e9 lui dire que je supportais mal les pilules&#8230; Il m&rsquo;a r\u00e9pondu que \u00e7a allait bien aller. La pilule qu&rsquo;il m&rsquo;a donn\u00e9 avait tellement d&rsquo;effets secondaires que j&rsquo;avais encore plus mal. 4 mois apr\u00e8s, je suis retourn\u00e9e dans son bureau en pleurs car je n&rsquo;en pouvais plus. Ils ont d\u00fb m&rsquo;op\u00e9rer rapidement car l&rsquo;endom\u00e9triose avait trop progress\u00e9. Depuis, j&rsquo;ai eu la chance d&rsquo;avoir 2 beaux enfants et mon gyn\u00e9cologue (un autre) me suit r\u00e9guli\u00e8rement. J&rsquo;ai eu la chance d&rsquo;\u00eatre prise en charge rapidement, ce qui est loin d&rsquo;\u00eatre le cas de beaucoup de femmes.<\/p>\n<p><b>Quelle a \u00e9t\u00e9 votre exp\u00e9rience avec les traitements pour l&rsquo;endom\u00e9triose ?<\/b> Il n&rsquo;y a pas vraiment de traitement&#8230; \u00c0 part les hormones qui ont aussi beaucoup d&rsquo;effets secondaires. J&rsquo;ai eu plusieurs exp\u00e9riences horribles avec la pilule. J&rsquo;en prends une en continu depuis 2 ans et j&rsquo;ai toujours refus\u00e9 la m\u00e9nopause artificielle. Je combine traitement hormonal et naturel. Ce qui m&rsquo;a vraiment sauv\u00e9 la vie, c&rsquo;est d&rsquo;aller voir une naturopathe l&rsquo;ann\u00e9e derni\u00e8re. En changeant mon alimentation et avec des suppl\u00e9ments, j&rsquo;ai retrouv\u00e9 une meilleure qualit\u00e9 de vie.<\/p>\n<p><b>Comment l&rsquo;endom\u00e9triose affecte votre vie quotidienne ? <\/b>La pand\u00e9mie est une b\u00e9n\u00e9diction pour moi car lorsque je suis en crise, je souffre assise sur une chaise de bureau et c&rsquo;est impossible de travailler. \u00c0 la maison, je peux m&rsquo;installer confortablement, mettre de la chaleur et dormir quand j&rsquo;en ai vraiment besoin. Mon mari doit prendre la rel\u00e8ve lorsque je suis en crise car je ne suis pas fonctionnelle, je ne peux pas m&rsquo;occuper de mes enfants, des fois je ne peux m\u00eame pas marcher. Ma vie sociale d\u00e9pend de mes crises. Mon fils me demande : \u00ab\u00a0maman, tu as encore bobo au ventre?\u00a0\u00bb C&rsquo;est \u00e7a la r\u00e9alit\u00e9 de l&rsquo;endom\u00e9triose.<\/p>\n<p><b>Comment l&rsquo;endom\u00e9triose affecte votre bien-\u00eatre \u00e9motionnel ? <\/b>C&rsquo;est tr\u00e8s dur sur le moral parfois parce qu&rsquo;il faut accepter qu&rsquo;on est malade et accepter d&rsquo;\u00eatre fatigu\u00e9e. La vie sexuelle d\u00e9pend aussi de mes crises et mon app\u00e9tit sexuel n&rsquo;est pas comme avant car j&rsquo;ai mal parfois pendant et apr\u00e8s. J&rsquo;ai l&rsquo;impression de ne pas \u00eatre une vraie femme. Malgr\u00e9 tout, cette maladie m&rsquo;a permise de voir \u00e0 quel point j&rsquo;\u00e9tais une femme forte puisque je r\u00e9alise autant, sinon plus que d&rsquo;autres, je cherche des solutions et j&rsquo;avance m\u00eame quand j&rsquo;ai mal.<\/p>\n<p><b>Comment l&rsquo;endom\u00e9triose a marqu\u00e9 des tournants dans votre vie jusqu&rsquo;\u00e0 pr\u00e9sent et dans l&rsquo;avenir ? <\/b>Je pense avoir bien r\u00e9ussi dans toutes les sph\u00e8res de ma vie malgr\u00e9 la maladie. J&rsquo;ai eu la chance de pouvoir avoir des enfants sans probl\u00e8mes, et \u00e7a, c&rsquo;est une b\u00e9n\u00e9diction.<\/p>\n<p><b>Comment est-ce que vous avez trouv\u00e9 de l&rsquo;espoir ou du soutien au cours de votre parcours avec de l\u2019endom\u00e9triose ? <\/b>Mon mari et mes parents m&rsquo;ont toujours soutenu et font la diff\u00e9rence.<\/p>\n<p><b>\u00c0 quoi devraient ressembler les soins de sant\u00e9 pour l&rsquo;endom\u00e9triose au Canada selon vous ?<\/b> L&rsquo;endom\u00e9triose est mal comprise, mal diagnostiqu\u00e9e et personne n&rsquo;en parle. Il faut une approche holistique \u00e0 cette maladie qui touche beaucoup plus que la sph\u00e8re gyn\u00e9cologique. Tant que la prise en charge ne se fera pas de mani\u00e8re globale, la qualit\u00e9 de nos vies restera m\u00e9diocre \u00e0 moyenne.<\/p>\n<p><b>D\u2019apr\u00e8s vous, que devrait-on savoir du v\u00e9cu des personnes atteintes d\u2019endom\u00e9triose au Canada ? <\/b>Il faudrait d&rsquo;abord commencer \u00e0 en parler s\u00e9rieusement ! Je pense que la seule maladie f\u00e9minine qui a r\u00e9ussi \u00e0 attirer l&rsquo;attention c&rsquo;est le cancer du sein. Le combat pour cette maladie est un combat f\u00e9ministe. Toutes les maladies f\u00e9minines ou qui atteignent majoritairement des femmes sont sous \u00e9tudi\u00e9es.<\/p>\n","protected":false},"excerpt":{"rendered":"<p>L&rsquo;endom\u00e9triose est mal comprise, mal diagnostiqu\u00e9e et personne n&rsquo;en parle. Il faut une approche holistique \u00e0 cette maladie qui touche beaucoup plus que la sph\u00e8re gyn\u00e9cologique. Tant que la prise en charge ne se fera pas de mani\u00e8re globale, la qualit\u00e9 de nos vies restera m\u00e9diocre \u00e0 moyenne. Le combat pour cette maladie est un combat f\u00e9ministe. Toutes les maladies f\u00e9minines ou qui atteignent majoritairement des femmes sont sous \u00e9tudi\u00e9es.<\/p>\n","protected":false},"author":5,"featured_media":0,"comment_status":"closed","ping_status":"closed","sticky":false,"template":"","format":"standard","meta":{"footnotes":""},"categories":[44],"tags":[48,40],"class_list":["post-2431","post","type-post","status-publish","format-standard","hentry","category-temoignages","tag-francais","tag-quebec-fr"],"yoast_head":"<!-- This site is optimized with the Yoast SEO plugin v27.4 - https:\/\/yoast.com\/product\/yoast-seo-wordpress\/ -->\n<title>V\u00e9ronique - EndoAct<\/title>\n<meta name=\"description\" content=\"L&#039;endom\u00e9triose est mal comprise, mal diagnostiqu\u00e9e et personne n&#039;en parle. Il faut une approche holistique \u00e0 cette maladie qui touche beaucoup plus que la sph\u00e8re gyn\u00e9cologique. Tant que la prise en charge ne se fera pas de mani\u00e8re globale, la qualit\u00e9 de nos vies restera m\u00e9diocre \u00e0 moyenne. Le combat pour cette maladie est un combat f\u00e9ministe. Toutes les maladies f\u00e9minines ou qui atteignent majoritairement des femmes sont sous \u00e9tudi\u00e9es.\" \/>\n<meta name=\"robots\" content=\"index, follow, max-snippet:-1, max-image-preview:large, max-video-preview:-1\" \/>\n<link rel=\"canonical\" href=\"https:\/\/endoact.ca\/fr\/veronique-3\/\" \/>\n<meta property=\"og:locale\" content=\"fr_FR\" \/>\n<meta property=\"og:type\" content=\"article\" \/>\n<meta property=\"og:title\" content=\"V\u00e9ronique - EndoAct\" \/>\n<meta property=\"og:description\" content=\"L&#039;endom\u00e9triose est mal comprise, mal diagnostiqu\u00e9e et personne n&#039;en parle. Il faut une approche holistique \u00e0 cette maladie qui touche beaucoup plus que la sph\u00e8re gyn\u00e9cologique. Tant que la prise en charge ne se fera pas de mani\u00e8re globale, la qualit\u00e9 de nos vies restera m\u00e9diocre \u00e0 moyenne. Le combat pour cette maladie est un combat f\u00e9ministe. Toutes les maladies f\u00e9minines ou qui atteignent majoritairement des femmes sont sous \u00e9tudi\u00e9es.\" \/>\n<meta property=\"og:url\" content=\"https:\/\/endoact.ca\/fr\/veronique-3\/\" \/>\n<meta property=\"og:site_name\" content=\"EndoAct\" \/>\n<meta property=\"article:published_time\" content=\"2022-01-19T02:11:49+00:00\" \/>\n<meta property=\"article:modified_time\" content=\"2022-01-19T02:20:33+00:00\" \/>\n<meta property=\"og:image\" content=\"https:\/\/endoact.ca\/wp-content\/uploads\/2022\/01\/EndoActCanada_Veronique-300x300.jpg\" \/>\n<meta name=\"author\" content=\"Maria Arauz\" \/>\n<meta name=\"twitter:card\" content=\"summary_large_image\" \/>\n<meta name=\"twitter:creator\" content=\"@Maria\" \/>\n<meta name=\"twitter:label1\" content=\"\u00c9crit par\" \/>\n\t<meta name=\"twitter:data1\" content=\"Maria Arauz\" \/>\n\t<meta name=\"twitter:label2\" content=\"Dur\u00e9e de lecture estim\u00e9e\" \/>\n\t<meta name=\"twitter:data2\" content=\"3 minutes\" \/>\n<script type=\"application\/ld+json\" class=\"yoast-schema-graph\">{\"@context\":\"https:\\\/\\\/schema.org\",\"@graph\":[{\"@type\":\"Article\",\"@id\":\"https:\\\/\\\/endoact.ca\\\/fr\\\/veronique-3\\\/#article\",\"isPartOf\":{\"@id\":\"https:\\\/\\\/endoact.ca\\\/fr\\\/veronique-3\\\/\"},\"author\":{\"name\":\"Maria Arauz\",\"@id\":\"https:\\\/\\\/endoact.ca\\\/fr\\\/#\\\/schema\\\/person\\\/ee3e5e9bcc2b195d619675f10d18b19d\"},\"headline\":\"V\u00e9ronique\",\"datePublished\":\"2022-01-19T02:11:49+00:00\",\"dateModified\":\"2022-01-19T02:20:33+00:00\",\"mainEntityOfPage\":{\"@id\":\"https:\\\/\\\/endoact.ca\\\/fr\\\/veronique-3\\\/\"},\"wordCount\":898,\"image\":{\"@id\":\"https:\\\/\\\/endoact.ca\\\/fr\\\/veronique-3\\\/#primaryimage\"},\"thumbnailUrl\":\"https:\\\/\\\/endoact.ca\\\/wp-content\\\/uploads\\\/2022\\\/01\\\/EndoActCanada_Veronique-300x300.jpg\",\"keywords\":[\"Fran\u00e7ais\",\"Qu\u00e9bec\"],\"articleSection\":[\"T\u00e9moignages\"],\"inLanguage\":\"fr-FR\"},{\"@type\":\"WebPage\",\"@id\":\"https:\\\/\\\/endoact.ca\\\/fr\\\/veronique-3\\\/\",\"url\":\"https:\\\/\\\/endoact.ca\\\/fr\\\/veronique-3\\\/\",\"name\":\"V\u00e9ronique - EndoAct\",\"isPartOf\":{\"@id\":\"https:\\\/\\\/endoact.ca\\\/fr\\\/#website\"},\"primaryImageOfPage\":{\"@id\":\"https:\\\/\\\/endoact.ca\\\/fr\\\/veronique-3\\\/#primaryimage\"},\"image\":{\"@id\":\"https:\\\/\\\/endoact.ca\\\/fr\\\/veronique-3\\\/#primaryimage\"},\"thumbnailUrl\":\"https:\\\/\\\/endoact.ca\\\/wp-content\\\/uploads\\\/2022\\\/01\\\/EndoActCanada_Veronique-300x300.jpg\",\"datePublished\":\"2022-01-19T02:11:49+00:00\",\"dateModified\":\"2022-01-19T02:20:33+00:00\",\"author\":{\"@id\":\"https:\\\/\\\/endoact.ca\\\/fr\\\/#\\\/schema\\\/person\\\/ee3e5e9bcc2b195d619675f10d18b19d\"},\"description\":\"L'endom\u00e9triose est mal comprise, mal diagnostiqu\u00e9e et personne n'en parle. Il faut une approche holistique \u00e0 cette maladie qui touche beaucoup plus que la sph\u00e8re gyn\u00e9cologique. Tant que la prise en charge ne se fera pas de mani\u00e8re globale, la qualit\u00e9 de nos vies restera m\u00e9diocre \u00e0 moyenne. Le combat pour cette maladie est un combat f\u00e9ministe. Toutes les maladies f\u00e9minines ou qui atteignent majoritairement des femmes sont sous \u00e9tudi\u00e9es.\",\"breadcrumb\":{\"@id\":\"https:\\\/\\\/endoact.ca\\\/fr\\\/veronique-3\\\/#breadcrumb\"},\"inLanguage\":\"fr-FR\",\"potentialAction\":[{\"@type\":\"ReadAction\",\"target\":[\"https:\\\/\\\/endoact.ca\\\/fr\\\/veronique-3\\\/\"]}]},{\"@type\":\"ImageObject\",\"inLanguage\":\"fr-FR\",\"@id\":\"https:\\\/\\\/endoact.ca\\\/fr\\\/veronique-3\\\/#primaryimage\",\"url\":\"https:\\\/\\\/endoact.ca\\\/wp-content\\\/uploads\\\/2022\\\/01\\\/EndoActCanada_Veronique-300x300.jpg\",\"contentUrl\":\"https:\\\/\\\/endoact.ca\\\/wp-content\\\/uploads\\\/2022\\\/01\\\/EndoActCanada_Veronique-300x300.jpg\"},{\"@type\":\"BreadcrumbList\",\"@id\":\"https:\\\/\\\/endoact.ca\\\/fr\\\/veronique-3\\\/#breadcrumb\",\"itemListElement\":[{\"@type\":\"ListItem\",\"position\":1,\"name\":\"Home\",\"item\":\"https:\\\/\\\/endoact.ca\\\/fr\\\/\"},{\"@type\":\"ListItem\",\"position\":2,\"name\":\"V\u00e9ronique\"}]},{\"@type\":\"WebSite\",\"@id\":\"https:\\\/\\\/endoact.ca\\\/fr\\\/#website\",\"url\":\"https:\\\/\\\/endoact.ca\\\/fr\\\/\",\"name\":\"EndoAct\",\"description\":\"\",\"potentialAction\":[{\"@type\":\"SearchAction\",\"target\":{\"@type\":\"EntryPoint\",\"urlTemplate\":\"https:\\\/\\\/endoact.ca\\\/fr\\\/?s={search_term_string}\"},\"query-input\":{\"@type\":\"PropertyValueSpecification\",\"valueRequired\":true,\"valueName\":\"search_term_string\"}}],\"inLanguage\":\"fr-FR\"},{\"@type\":\"Person\",\"@id\":\"https:\\\/\\\/endoact.ca\\\/fr\\\/#\\\/schema\\\/person\\\/ee3e5e9bcc2b195d619675f10d18b19d\",\"name\":\"Maria Arauz\",\"image\":{\"@type\":\"ImageObject\",\"inLanguage\":\"fr-FR\",\"@id\":\"https:\\\/\\\/secure.gravatar.com\\\/avatar\\\/cb00c6fd6f32464dfc9493d5be4698bbbf32c4a81fc52edb88ab81c85ede9f77?s=96&d=mm&r=g\",\"url\":\"https:\\\/\\\/secure.gravatar.com\\\/avatar\\\/cb00c6fd6f32464dfc9493d5be4698bbbf32c4a81fc52edb88ab81c85ede9f77?s=96&d=mm&r=g\",\"contentUrl\":\"https:\\\/\\\/secure.gravatar.com\\\/avatar\\\/cb00c6fd6f32464dfc9493d5be4698bbbf32c4a81fc52edb88ab81c85ede9f77?s=96&d=mm&r=g\",\"caption\":\"Maria Arauz\"},\"sameAs\":[\"https:\\\/\\\/x.com\\\/Maria\"]}]}<\/script>\n<!-- \/ Yoast SEO plugin. -->","yoast_head_json":{"title":"V\u00e9ronique - EndoAct","description":"L'endom\u00e9triose est mal comprise, mal diagnostiqu\u00e9e et personne n'en parle. Il faut une approche holistique \u00e0 cette maladie qui touche beaucoup plus que la sph\u00e8re gyn\u00e9cologique. Tant que la prise en charge ne se fera pas de mani\u00e8re globale, la qualit\u00e9 de nos vies restera m\u00e9diocre \u00e0 moyenne. Le combat pour cette maladie est un combat f\u00e9ministe. Toutes les maladies f\u00e9minines ou qui atteignent majoritairement des femmes sont sous \u00e9tudi\u00e9es.","robots":{"index":"index","follow":"follow","max-snippet":"max-snippet:-1","max-image-preview":"max-image-preview:large","max-video-preview":"max-video-preview:-1"},"canonical":"https:\/\/endoact.ca\/fr\/veronique-3\/","og_locale":"fr_FR","og_type":"article","og_title":"V\u00e9ronique - EndoAct","og_description":"L'endom\u00e9triose est mal comprise, mal diagnostiqu\u00e9e et personne n'en parle. Il faut une approche holistique \u00e0 cette maladie qui touche beaucoup plus que la sph\u00e8re gyn\u00e9cologique. Tant que la prise en charge ne se fera pas de mani\u00e8re globale, la qualit\u00e9 de nos vies restera m\u00e9diocre \u00e0 moyenne. Le combat pour cette maladie est un combat f\u00e9ministe. Toutes les maladies f\u00e9minines ou qui atteignent majoritairement des femmes sont sous \u00e9tudi\u00e9es.","og_url":"https:\/\/endoact.ca\/fr\/veronique-3\/","og_site_name":"EndoAct","article_published_time":"2022-01-19T02:11:49+00:00","article_modified_time":"2022-01-19T02:20:33+00:00","og_image":[{"url":"https:\/\/endoact.ca\/wp-content\/uploads\/2022\/01\/EndoActCanada_Veronique-300x300.jpg","type":"","width":"","height":""}],"author":"Maria Arauz","twitter_card":"summary_large_image","twitter_creator":"@Maria","twitter_misc":{"\u00c9crit par":"Maria Arauz","Dur\u00e9e de lecture estim\u00e9e":"3 minutes"},"schema":{"@context":"https:\/\/schema.org","@graph":[{"@type":"Article","@id":"https:\/\/endoact.ca\/fr\/veronique-3\/#article","isPartOf":{"@id":"https:\/\/endoact.ca\/fr\/veronique-3\/"},"author":{"name":"Maria Arauz","@id":"https:\/\/endoact.ca\/fr\/#\/schema\/person\/ee3e5e9bcc2b195d619675f10d18b19d"},"headline":"V\u00e9ronique","datePublished":"2022-01-19T02:11:49+00:00","dateModified":"2022-01-19T02:20:33+00:00","mainEntityOfPage":{"@id":"https:\/\/endoact.ca\/fr\/veronique-3\/"},"wordCount":898,"image":{"@id":"https:\/\/endoact.ca\/fr\/veronique-3\/#primaryimage"},"thumbnailUrl":"https:\/\/endoact.ca\/wp-content\/uploads\/2022\/01\/EndoActCanada_Veronique-300x300.jpg","keywords":["Fran\u00e7ais","Qu\u00e9bec"],"articleSection":["T\u00e9moignages"],"inLanguage":"fr-FR"},{"@type":"WebPage","@id":"https:\/\/endoact.ca\/fr\/veronique-3\/","url":"https:\/\/endoact.ca\/fr\/veronique-3\/","name":"V\u00e9ronique - EndoAct","isPartOf":{"@id":"https:\/\/endoact.ca\/fr\/#website"},"primaryImageOfPage":{"@id":"https:\/\/endoact.ca\/fr\/veronique-3\/#primaryimage"},"image":{"@id":"https:\/\/endoact.ca\/fr\/veronique-3\/#primaryimage"},"thumbnailUrl":"https:\/\/endoact.ca\/wp-content\/uploads\/2022\/01\/EndoActCanada_Veronique-300x300.jpg","datePublished":"2022-01-19T02:11:49+00:00","dateModified":"2022-01-19T02:20:33+00:00","author":{"@id":"https:\/\/endoact.ca\/fr\/#\/schema\/person\/ee3e5e9bcc2b195d619675f10d18b19d"},"description":"L'endom\u00e9triose est mal comprise, mal diagnostiqu\u00e9e et personne n'en parle. Il faut une approche holistique \u00e0 cette maladie qui touche beaucoup plus que la sph\u00e8re gyn\u00e9cologique. Tant que la prise en charge ne se fera pas de mani\u00e8re globale, la qualit\u00e9 de nos vies restera m\u00e9diocre \u00e0 moyenne. Le combat pour cette maladie est un combat f\u00e9ministe. Toutes les maladies f\u00e9minines ou qui atteignent majoritairement des femmes sont sous \u00e9tudi\u00e9es.","breadcrumb":{"@id":"https:\/\/endoact.ca\/fr\/veronique-3\/#breadcrumb"},"inLanguage":"fr-FR","potentialAction":[{"@type":"ReadAction","target":["https:\/\/endoact.ca\/fr\/veronique-3\/"]}]},{"@type":"ImageObject","inLanguage":"fr-FR","@id":"https:\/\/endoact.ca\/fr\/veronique-3\/#primaryimage","url":"https:\/\/endoact.ca\/wp-content\/uploads\/2022\/01\/EndoActCanada_Veronique-300x300.jpg","contentUrl":"https:\/\/endoact.ca\/wp-content\/uploads\/2022\/01\/EndoActCanada_Veronique-300x300.jpg"},{"@type":"BreadcrumbList","@id":"https:\/\/endoact.ca\/fr\/veronique-3\/#breadcrumb","itemListElement":[{"@type":"ListItem","position":1,"name":"Home","item":"https:\/\/endoact.ca\/fr\/"},{"@type":"ListItem","position":2,"name":"V\u00e9ronique"}]},{"@type":"WebSite","@id":"https:\/\/endoact.ca\/fr\/#website","url":"https:\/\/endoact.ca\/fr\/","name":"EndoAct","description":"","potentialAction":[{"@type":"SearchAction","target":{"@type":"EntryPoint","urlTemplate":"https:\/\/endoact.ca\/fr\/?s={search_term_string}"},"query-input":{"@type":"PropertyValueSpecification","valueRequired":true,"valueName":"search_term_string"}}],"inLanguage":"fr-FR"},{"@type":"Person","@id":"https:\/\/endoact.ca\/fr\/#\/schema\/person\/ee3e5e9bcc2b195d619675f10d18b19d","name":"Maria Arauz","image":{"@type":"ImageObject","inLanguage":"fr-FR","@id":"https:\/\/secure.gravatar.com\/avatar\/cb00c6fd6f32464dfc9493d5be4698bbbf32c4a81fc52edb88ab81c85ede9f77?s=96&d=mm&r=g","url":"https:\/\/secure.gravatar.com\/avatar\/cb00c6fd6f32464dfc9493d5be4698bbbf32c4a81fc52edb88ab81c85ede9f77?s=96&d=mm&r=g","contentUrl":"https:\/\/secure.gravatar.com\/avatar\/cb00c6fd6f32464dfc9493d5be4698bbbf32c4a81fc52edb88ab81c85ede9f77?s=96&d=mm&r=g","caption":"Maria Arauz"},"sameAs":["https:\/\/x.com\/Maria"]}]}},"_links":{"self":[{"href":"https:\/\/endoact.ca\/fr\/wp-json\/wp\/v2\/posts\/2431","targetHints":{"allow":["GET"]}}],"collection":[{"href":"https:\/\/endoact.ca\/fr\/wp-json\/wp\/v2\/posts"}],"about":[{"href":"https:\/\/endoact.ca\/fr\/wp-json\/wp\/v2\/types\/post"}],"author":[{"embeddable":true,"href":"https:\/\/endoact.ca\/fr\/wp-json\/wp\/v2\/users\/5"}],"replies":[{"embeddable":true,"href":"https:\/\/endoact.ca\/fr\/wp-json\/wp\/v2\/comments?post=2431"}],"version-history":[{"count":1,"href":"https:\/\/endoact.ca\/fr\/wp-json\/wp\/v2\/posts\/2431\/revisions"}],"predecessor-version":[{"id":2433,"href":"https:\/\/endoact.ca\/fr\/wp-json\/wp\/v2\/posts\/2431\/revisions\/2433"}],"wp:attachment":[{"href":"https:\/\/endoact.ca\/fr\/wp-json\/wp\/v2\/media?parent=2431"}],"wp:term":[{"taxonomy":"category","embeddable":true,"href":"https:\/\/endoact.ca\/fr\/wp-json\/wp\/v2\/categories?post=2431"},{"taxonomy":"post_tag","embeddable":true,"href":"https:\/\/endoact.ca\/fr\/wp-json\/wp\/v2\/tags?post=2431"}],"curies":[{"name":"wp","href":"https:\/\/api.w.org\/{rel}","templated":true}]}}