{"id":2436,"date":"2022-01-18T18:44:14","date_gmt":"2022-01-19T02:44:14","guid":{"rendered":"https:\/\/endoact.ca\/?p=2436"},"modified":"2022-01-18T18:44:14","modified_gmt":"2022-01-19T02:44:14","slug":"am","status":"publish","type":"post","link":"https:\/\/endoact.ca\/fr\/am\/","title":{"rendered":"AM"},"content":{"rendered":"<p><b>\u00c0 quoi ressemblent vos sympt\u00f4mes d&rsquo;endom\u00e9triose ? <\/b>Douleur permanente \u00e0 l&rsquo;ovaire gauche (coll\u00e9 sur l&rsquo;intestin) qui cause des diverticulites \u00e0 r\u00e9p\u00e9tition avec inconfort qui descend le long de ma cuisse gauche.<\/p>\n<p><b>Comment a \u00e9t\u00e9 votre parcours vers un diagnostic d&rsquo;endom\u00e9triose ?<\/b> 2 laparoscopies dans le cadre de traitement en fertilit\u00e9&#8230; ont confirm\u00e9 la pr\u00e9sence d&rsquo;endom\u00e9triose stade 2. Compl\u00e8tement gu\u00e9rie avec ma grossesse, vu lors de la c\u00e9sarienne. Mais retour en force, 1 an suivant le retour de mes r\u00e8gles et aggravation durant la p\u00e9riode de pr\u00e9m\u00e9nopause.<\/p>\n<p><b>Quelle a \u00e9t\u00e9 votre exp\u00e9rience avec les traitements pour l&rsquo;endom\u00e9triose ?<\/b> Anti-inflammatoires&#8230; et laxatif pour \u00e9viter les diverticulites.<\/p>\n<p><b>Comment l&rsquo;endom\u00e9triose affecte votre vie quotidienne ? <\/b>\u00c9limination de certaines activit\u00e9s physiques impliquant des mouvements r\u00e9p\u00e9titifs au niveau des hanches&#8230; c\u00f4t\u00e9 gauche. Comme le v\u00e9lo et le ski de fond. Mais incapacit\u00e9 totale lors des crises&#8230;<\/p>\n<p><b>Comment l&rsquo;endom\u00e9triose affecte votre bien-\u00eatre \u00e9motionnel ?<\/b> Le pire est de devoir justifier la prise de calmants lors de crises qui m\u2019am\u00e8nent \u00e0 l&rsquo;urgence. Je ne suis pas prise au s\u00e9rieux et l&rsquo;on me laisse souffrir&#8230;<\/p>\n<p><b>Comment l&rsquo;endom\u00e9triose a marqu\u00e9 des tournants dans votre vie jusqu&rsquo;\u00e0 pr\u00e9sent et dans l&rsquo;avenir ? <\/b>Impact sur le maintien de mes activit\u00e9s avec amies ou amoureux&#8230; \u00e7a nous isole.<\/p>\n<p><b>Comment est-ce que vous avez trouv\u00e9 de l&rsquo;espoir ou du soutien au cours de votre parcours avec de l\u2019endom\u00e9triose ? <\/b>Soutien ponctuel&#8230; comme l&rsquo;acc\u00e8s aux laparoscopies lors de mes traitements en fertilit\u00e9. Mais plus rien depuis.. que \u00e7a devrait partir avec la m\u00e9nopause. Ce qui n&rsquo;est pas encore le cas&#8230; m\u00eame si celle-ci est d\u00e9j\u00e0 bien install\u00e9e.<\/p>\n<p><b>\u00c0 quoi devraient ressembler les soins de sant\u00e9 pour l&rsquo;endom\u00e9triose au Canada selon vous ? <\/b>Prise en charge pour le diagnostic, le contr\u00f4le de la douleur&#8230; mais avant tout des soins pour \u00e9viter que \u00e7a survienne ou qu&rsquo;il y ait d\u00e9gradation au point qu&rsquo;il ne soit plus possible de rien faire chirurgicalement.<\/p>\n<p><b>D\u2019apr\u00e8s vous, que devrait-on savoir du v\u00e9cu des personnes atteintes d\u2019endom\u00e9triose au Canada ?<\/b> \u00c7a touche beaucoup de femmes, \u00e7a peut se pr\u00e9senter \u00e0 tout \u00e2ge et il ne faut pas tarder \u00e0 consulter&#8230; Ne pas n\u00e9gliger ou banaliser les douleurs menstruelles.<\/p>\n","protected":false},"excerpt":{"rendered":"<p>\u00c7a touche beaucoup de femmes, \u00e7a peut se pr\u00e9senter \u00e0 tout \u00e2ge et il ne faut pas tarder \u00e0 consulter&#8230; Ne pas n\u00e9gliger ou banaliser les douleurs menstruelles.<\/p>\n","protected":false},"author":5,"featured_media":0,"comment_status":"closed","ping_status":"closed","sticky":false,"template":"","format":"standard","meta":{"footnotes":""},"categories":[44],"tags":[48,40],"class_list":["post-2436","post","type-post","status-publish","format-standard","hentry","category-temoignages","tag-francais","tag-quebec-fr"],"yoast_head":"<!-- This site is optimized with the Yoast SEO plugin v27.4 - https:\/\/yoast.com\/product\/yoast-seo-wordpress\/ -->\n<title>AM - EndoAct<\/title>\n<meta name=\"description\" content=\"Je pense que je n\u2019ai plus de qualit\u00e9 de vie. Apr\u00e8s aller faire les courses, le soir, je ne peux plus marcher \u00e0 cause de la douleur au ventre et aux jambes. J\u2019ai d\u00fb arr\u00eater de faire plusieurs activit\u00e9s que j\u2019aimais et que je faisais avant, par exemple : marcher dans les parcs. Je n\u2019ai plus de vie sociale, je pr\u00e9f\u00e8re rester \u00e0 la maison pour me reposer. Je planifie de travailler \u00e0 temps partiel parce que je ne suis pas capable de travailler \u00e0 temps plein. Je n\u2019arrive pas \u00e0 faire de l\u2019exercice parce que je suis tr\u00e8s fatigu\u00e9e tout le temps et la douleur me limite.\" \/>\n<meta name=\"robots\" content=\"index, follow, max-snippet:-1, max-image-preview:large, max-video-preview:-1\" \/>\n<link rel=\"canonical\" href=\"https:\/\/endoact.ca\/fr\/am\/\" \/>\n<meta property=\"og:locale\" content=\"fr_FR\" \/>\n<meta property=\"og:type\" content=\"article\" \/>\n<meta property=\"og:title\" content=\"AM - EndoAct\" \/>\n<meta property=\"og:description\" content=\"Je pense que je n\u2019ai plus de qualit\u00e9 de vie. Apr\u00e8s aller faire les courses, le soir, je ne peux plus marcher \u00e0 cause de la douleur au ventre et aux jambes. J\u2019ai d\u00fb arr\u00eater de faire plusieurs activit\u00e9s que j\u2019aimais et que je faisais avant, par exemple : marcher dans les parcs. Je n\u2019ai plus de vie sociale, je pr\u00e9f\u00e8re rester \u00e0 la maison pour me reposer. Je planifie de travailler \u00e0 temps partiel parce que je ne suis pas capable de travailler \u00e0 temps plein. Je n\u2019arrive pas \u00e0 faire de l\u2019exercice parce que je suis tr\u00e8s fatigu\u00e9e tout le temps et la douleur me limite.\" \/>\n<meta property=\"og:url\" content=\"https:\/\/endoact.ca\/fr\/am\/\" \/>\n<meta property=\"og:site_name\" content=\"EndoAct\" \/>\n<meta property=\"article:published_time\" content=\"2022-01-19T02:44:14+00:00\" \/>\n<meta property=\"og:image\" content=\"https:\/\/endoact.ca\/wp-content\/uploads\/2021\/01\/20025-EndoAct-Instagram-Single_prf01.png\" \/>\n\t<meta property=\"og:image:width\" content=\"1260\" \/>\n\t<meta property=\"og:image:height\" content=\"1260\" \/>\n\t<meta property=\"og:image:type\" content=\"image\/png\" \/>\n<meta name=\"author\" content=\"Maria Arauz\" \/>\n<meta name=\"twitter:card\" content=\"summary_large_image\" \/>\n<meta name=\"twitter:creator\" content=\"@Maria\" \/>\n<meta name=\"twitter:label1\" content=\"\u00c9crit par\" \/>\n\t<meta name=\"twitter:data1\" content=\"Maria Arauz\" \/>\n\t<meta name=\"twitter:label2\" content=\"Dur\u00e9e de lecture estim\u00e9e\" \/>\n\t<meta name=\"twitter:data2\" content=\"3 minutes\" \/>\n<script type=\"application\/ld+json\" class=\"yoast-schema-graph\">{\"@context\":\"https:\\\/\\\/schema.org\",\"@graph\":[{\"@type\":\"Article\",\"@id\":\"https:\\\/\\\/endoact.ca\\\/fr\\\/am\\\/#article\",\"isPartOf\":{\"@id\":\"https:\\\/\\\/endoact.ca\\\/fr\\\/am\\\/\"},\"author\":{\"name\":\"Maria Arauz\",\"@id\":\"https:\\\/\\\/endoact.ca\\\/fr\\\/#\\\/schema\\\/person\\\/ee3e5e9bcc2b195d619675f10d18b19d\"},\"headline\":\"AM\",\"datePublished\":\"2022-01-19T02:44:14+00:00\",\"mainEntityOfPage\":{\"@id\":\"https:\\\/\\\/endoact.ca\\\/fr\\\/am\\\/\"},\"wordCount\":403,\"keywords\":[\"Fran\u00e7ais\",\"Qu\u00e9bec\"],\"articleSection\":[\"T\u00e9moignages\"],\"inLanguage\":\"fr-FR\"},{\"@type\":\"WebPage\",\"@id\":\"https:\\\/\\\/endoact.ca\\\/fr\\\/am\\\/\",\"url\":\"https:\\\/\\\/endoact.ca\\\/fr\\\/am\\\/\",\"name\":\"AM - EndoAct\",\"isPartOf\":{\"@id\":\"https:\\\/\\\/endoact.ca\\\/fr\\\/#website\"},\"datePublished\":\"2022-01-19T02:44:14+00:00\",\"author\":{\"@id\":\"https:\\\/\\\/endoact.ca\\\/fr\\\/#\\\/schema\\\/person\\\/ee3e5e9bcc2b195d619675f10d18b19d\"},\"description\":\"Je pense que je n\u2019ai plus de qualit\u00e9 de vie. Apr\u00e8s aller faire les courses, le soir, je ne peux plus marcher \u00e0 cause de la douleur au ventre et aux jambes. J\u2019ai d\u00fb arr\u00eater de faire plusieurs activit\u00e9s que j\u2019aimais et que je faisais avant, par exemple : marcher dans les parcs. Je n\u2019ai plus de vie sociale, je pr\u00e9f\u00e8re rester \u00e0 la maison pour me reposer. Je planifie de travailler \u00e0 temps partiel parce que je ne suis pas capable de travailler \u00e0 temps plein. Je n\u2019arrive pas \u00e0 faire de l\u2019exercice parce que je suis tr\u00e8s fatigu\u00e9e tout le temps et la douleur me limite.\",\"breadcrumb\":{\"@id\":\"https:\\\/\\\/endoact.ca\\\/fr\\\/am\\\/#breadcrumb\"},\"inLanguage\":\"fr-FR\",\"potentialAction\":[{\"@type\":\"ReadAction\",\"target\":[\"https:\\\/\\\/endoact.ca\\\/fr\\\/am\\\/\"]}]},{\"@type\":\"BreadcrumbList\",\"@id\":\"https:\\\/\\\/endoact.ca\\\/fr\\\/am\\\/#breadcrumb\",\"itemListElement\":[{\"@type\":\"ListItem\",\"position\":1,\"name\":\"Home\",\"item\":\"https:\\\/\\\/endoact.ca\\\/fr\\\/\"},{\"@type\":\"ListItem\",\"position\":2,\"name\":\"AM\"}]},{\"@type\":\"WebSite\",\"@id\":\"https:\\\/\\\/endoact.ca\\\/fr\\\/#website\",\"url\":\"https:\\\/\\\/endoact.ca\\\/fr\\\/\",\"name\":\"EndoAct\",\"description\":\"\",\"potentialAction\":[{\"@type\":\"SearchAction\",\"target\":{\"@type\":\"EntryPoint\",\"urlTemplate\":\"https:\\\/\\\/endoact.ca\\\/fr\\\/?s={search_term_string}\"},\"query-input\":{\"@type\":\"PropertyValueSpecification\",\"valueRequired\":true,\"valueName\":\"search_term_string\"}}],\"inLanguage\":\"fr-FR\"},{\"@type\":\"Person\",\"@id\":\"https:\\\/\\\/endoact.ca\\\/fr\\\/#\\\/schema\\\/person\\\/ee3e5e9bcc2b195d619675f10d18b19d\",\"name\":\"Maria Arauz\",\"image\":{\"@type\":\"ImageObject\",\"inLanguage\":\"fr-FR\",\"@id\":\"https:\\\/\\\/secure.gravatar.com\\\/avatar\\\/cb00c6fd6f32464dfc9493d5be4698bbbf32c4a81fc52edb88ab81c85ede9f77?s=96&d=mm&r=g\",\"url\":\"https:\\\/\\\/secure.gravatar.com\\\/avatar\\\/cb00c6fd6f32464dfc9493d5be4698bbbf32c4a81fc52edb88ab81c85ede9f77?s=96&d=mm&r=g\",\"contentUrl\":\"https:\\\/\\\/secure.gravatar.com\\\/avatar\\\/cb00c6fd6f32464dfc9493d5be4698bbbf32c4a81fc52edb88ab81c85ede9f77?s=96&d=mm&r=g\",\"caption\":\"Maria Arauz\"},\"sameAs\":[\"https:\\\/\\\/x.com\\\/Maria\"]}]}<\/script>\n<!-- \/ Yoast SEO plugin. -->","yoast_head_json":{"title":"AM - EndoAct","description":"Je pense que je n\u2019ai plus de qualit\u00e9 de vie. Apr\u00e8s aller faire les courses, le soir, je ne peux plus marcher \u00e0 cause de la douleur au ventre et aux jambes. J\u2019ai d\u00fb arr\u00eater de faire plusieurs activit\u00e9s que j\u2019aimais et que je faisais avant, par exemple : marcher dans les parcs. Je n\u2019ai plus de vie sociale, je pr\u00e9f\u00e8re rester \u00e0 la maison pour me reposer. Je planifie de travailler \u00e0 temps partiel parce que je ne suis pas capable de travailler \u00e0 temps plein. Je n\u2019arrive pas \u00e0 faire de l\u2019exercice parce que je suis tr\u00e8s fatigu\u00e9e tout le temps et la douleur me limite.","robots":{"index":"index","follow":"follow","max-snippet":"max-snippet:-1","max-image-preview":"max-image-preview:large","max-video-preview":"max-video-preview:-1"},"canonical":"https:\/\/endoact.ca\/fr\/am\/","og_locale":"fr_FR","og_type":"article","og_title":"AM - EndoAct","og_description":"Je pense que je n\u2019ai plus de qualit\u00e9 de vie. Apr\u00e8s aller faire les courses, le soir, je ne peux plus marcher \u00e0 cause de la douleur au ventre et aux jambes. J\u2019ai d\u00fb arr\u00eater de faire plusieurs activit\u00e9s que j\u2019aimais et que je faisais avant, par exemple : marcher dans les parcs. Je n\u2019ai plus de vie sociale, je pr\u00e9f\u00e8re rester \u00e0 la maison pour me reposer. Je planifie de travailler \u00e0 temps partiel parce que je ne suis pas capable de travailler \u00e0 temps plein. Je n\u2019arrive pas \u00e0 faire de l\u2019exercice parce que je suis tr\u00e8s fatigu\u00e9e tout le temps et la douleur me limite.","og_url":"https:\/\/endoact.ca\/fr\/am\/","og_site_name":"EndoAct","article_published_time":"2022-01-19T02:44:14+00:00","og_image":[{"width":1260,"height":1260,"url":"https:\/\/endoact.ca\/wp-content\/uploads\/2021\/01\/20025-EndoAct-Instagram-Single_prf01.png","type":"image\/png"}],"author":"Maria Arauz","twitter_card":"summary_large_image","twitter_creator":"@Maria","twitter_misc":{"\u00c9crit par":"Maria Arauz","Dur\u00e9e de lecture estim\u00e9e":"3 minutes"},"schema":{"@context":"https:\/\/schema.org","@graph":[{"@type":"Article","@id":"https:\/\/endoact.ca\/fr\/am\/#article","isPartOf":{"@id":"https:\/\/endoact.ca\/fr\/am\/"},"author":{"name":"Maria Arauz","@id":"https:\/\/endoact.ca\/fr\/#\/schema\/person\/ee3e5e9bcc2b195d619675f10d18b19d"},"headline":"AM","datePublished":"2022-01-19T02:44:14+00:00","mainEntityOfPage":{"@id":"https:\/\/endoact.ca\/fr\/am\/"},"wordCount":403,"keywords":["Fran\u00e7ais","Qu\u00e9bec"],"articleSection":["T\u00e9moignages"],"inLanguage":"fr-FR"},{"@type":"WebPage","@id":"https:\/\/endoact.ca\/fr\/am\/","url":"https:\/\/endoact.ca\/fr\/am\/","name":"AM - EndoAct","isPartOf":{"@id":"https:\/\/endoact.ca\/fr\/#website"},"datePublished":"2022-01-19T02:44:14+00:00","author":{"@id":"https:\/\/endoact.ca\/fr\/#\/schema\/person\/ee3e5e9bcc2b195d619675f10d18b19d"},"description":"Je pense que je n\u2019ai plus de qualit\u00e9 de vie. Apr\u00e8s aller faire les courses, le soir, je ne peux plus marcher \u00e0 cause de la douleur au ventre et aux jambes. J\u2019ai d\u00fb arr\u00eater de faire plusieurs activit\u00e9s que j\u2019aimais et que je faisais avant, par exemple : marcher dans les parcs. Je n\u2019ai plus de vie sociale, je pr\u00e9f\u00e8re rester \u00e0 la maison pour me reposer. Je planifie de travailler \u00e0 temps partiel parce que je ne suis pas capable de travailler \u00e0 temps plein. Je n\u2019arrive pas \u00e0 faire de l\u2019exercice parce que je suis tr\u00e8s fatigu\u00e9e tout le temps et la douleur me limite.","breadcrumb":{"@id":"https:\/\/endoact.ca\/fr\/am\/#breadcrumb"},"inLanguage":"fr-FR","potentialAction":[{"@type":"ReadAction","target":["https:\/\/endoact.ca\/fr\/am\/"]}]},{"@type":"BreadcrumbList","@id":"https:\/\/endoact.ca\/fr\/am\/#breadcrumb","itemListElement":[{"@type":"ListItem","position":1,"name":"Home","item":"https:\/\/endoact.ca\/fr\/"},{"@type":"ListItem","position":2,"name":"AM"}]},{"@type":"WebSite","@id":"https:\/\/endoact.ca\/fr\/#website","url":"https:\/\/endoact.ca\/fr\/","name":"EndoAct","description":"","potentialAction":[{"@type":"SearchAction","target":{"@type":"EntryPoint","urlTemplate":"https:\/\/endoact.ca\/fr\/?s={search_term_string}"},"query-input":{"@type":"PropertyValueSpecification","valueRequired":true,"valueName":"search_term_string"}}],"inLanguage":"fr-FR"},{"@type":"Person","@id":"https:\/\/endoact.ca\/fr\/#\/schema\/person\/ee3e5e9bcc2b195d619675f10d18b19d","name":"Maria Arauz","image":{"@type":"ImageObject","inLanguage":"fr-FR","@id":"https:\/\/secure.gravatar.com\/avatar\/cb00c6fd6f32464dfc9493d5be4698bbbf32c4a81fc52edb88ab81c85ede9f77?s=96&d=mm&r=g","url":"https:\/\/secure.gravatar.com\/avatar\/cb00c6fd6f32464dfc9493d5be4698bbbf32c4a81fc52edb88ab81c85ede9f77?s=96&d=mm&r=g","contentUrl":"https:\/\/secure.gravatar.com\/avatar\/cb00c6fd6f32464dfc9493d5be4698bbbf32c4a81fc52edb88ab81c85ede9f77?s=96&d=mm&r=g","caption":"Maria Arauz"},"sameAs":["https:\/\/x.com\/Maria"]}]}},"_links":{"self":[{"href":"https:\/\/endoact.ca\/fr\/wp-json\/wp\/v2\/posts\/2436","targetHints":{"allow":["GET"]}}],"collection":[{"href":"https:\/\/endoact.ca\/fr\/wp-json\/wp\/v2\/posts"}],"about":[{"href":"https:\/\/endoact.ca\/fr\/wp-json\/wp\/v2\/types\/post"}],"author":[{"embeddable":true,"href":"https:\/\/endoact.ca\/fr\/wp-json\/wp\/v2\/users\/5"}],"replies":[{"embeddable":true,"href":"https:\/\/endoact.ca\/fr\/wp-json\/wp\/v2\/comments?post=2436"}],"version-history":[{"count":1,"href":"https:\/\/endoact.ca\/fr\/wp-json\/wp\/v2\/posts\/2436\/revisions"}],"predecessor-version":[{"id":2438,"href":"https:\/\/endoact.ca\/fr\/wp-json\/wp\/v2\/posts\/2436\/revisions\/2438"}],"wp:attachment":[{"href":"https:\/\/endoact.ca\/fr\/wp-json\/wp\/v2\/media?parent=2436"}],"wp:term":[{"taxonomy":"category","embeddable":true,"href":"https:\/\/endoact.ca\/fr\/wp-json\/wp\/v2\/categories?post=2436"},{"taxonomy":"post_tag","embeddable":true,"href":"https:\/\/endoact.ca\/fr\/wp-json\/wp\/v2\/tags?post=2436"}],"curies":[{"name":"wp","href":"https:\/\/api.w.org\/{rel}","templated":true}]}}